{"id":60,"date":"2021-11-21T11:18:00","date_gmt":"2021-11-21T08:18:00","guid":{"rendered":"https:\/\/demo.themegrill.com\/flash-default-2\/?p=60"},"modified":"2024-06-21T11:42:36","modified_gmt":"2024-06-21T08:42:36","slug":"receipe-for-food-lover","status":"publish","type":"post","link":"http:\/\/www.yym.org.tr\/?p=60","title":{"rendered":"Yery\u00fcz\u00fc M\u00fchendislerinden Deniz Fenerine ziyaret"},"content":{"rendered":"\t\t<div data-elementor-type=\"wp-post\" data-elementor-id=\"60\" class=\"elementor elementor-60\">\n\t\t\t\t<div class=\"elementor-element elementor-element-4a782959 e-flex e-con-boxed e-con e-parent\" data-id=\"4a782959\" data-element_type=\"container\">\n\t\t\t\t\t<div class=\"e-con-inner\">\n\t\t\t\t<div class=\"elementor-element elementor-element-ce8dc63 elementor-widget elementor-widget-text-editor\" data-id=\"ce8dc63\" data-element_type=\"widget\" data-widget_type=\"text-editor.default\">\n\t\t\t\t<div class=\"elementor-widget-container\">\n\t\t\t<style>\/*! elementor - v3.23.0 - 05-08-2024 *\/\n.elementor-widget-text-editor.elementor-drop-cap-view-stacked .elementor-drop-cap{background-color:#69727d;color:#fff}.elementor-widget-text-editor.elementor-drop-cap-view-framed .elementor-drop-cap{color:#69727d;border:3px solid;background-color:transparent}.elementor-widget-text-editor:not(.elementor-drop-cap-view-default) .elementor-drop-cap{margin-top:8px}.elementor-widget-text-editor:not(.elementor-drop-cap-view-default) .elementor-drop-cap-letter{width:1em;height:1em}.elementor-widget-text-editor .elementor-drop-cap{float:left;text-align:center;line-height:1;font-size:50px}.elementor-widget-text-editor .elementor-drop-cap-letter{display:inline-block}<\/style>\t\t\t\t<p>Yery\u00fcz\u00fc M\u00fchendisleri olarak Y\u00f6netim kurulu \u00fcyelerimiz ile Deniz Fenerine ziyarette bulunuldu. G\u00f6r\u00fc\u015fme, Deniz Feneri Genel Merkez Y\u00f6netim Kurulu Ba\u015fkan\u0131 ve \u00fcyeleri ile ger\u00e7ekle\u015ftirilmi\u015ftir. YYM \u00f6nderli\u011finde yap\u0131lmas\u0131 planlanan Su Arama Konferans\u0131 \u00f6ncesi isti\u015farelerde bulunulmu\u015f olup her iki kurumun afetlerde beraber \u00e7al\u0131\u015fmas\u0131 ve sahaya m\u00fchendislik deneyimini ta\u015f\u0131mas\u0131 konusunda anla\u015fmaya var\u0131lm\u0131\u015ft\u0131r.<\/p>\t\t\t\t\t\t<\/div>\n\t\t\t\t<\/div>\n\t\t\t\t\t<\/div>\n\t\t\t\t<\/div>\n\t\t\t\t<\/div>\n\t\t","protected":false},"excerpt":{"rendered":"<p>Yery\u00fcz\u00fc M\u00fchendisleri olarak Y\u00f6netim kurulu \u00fcyelerimiz ile Deniz Fenerine ziyarette bulunuldu. G\u00f6r\u00fc\u015fme, Deniz Feneri Genel Merkez Y\u00f6netim Kurulu Ba\u015fkan\u0131 ve \u00fcyeleri ile ger\u00e7ekle\u015ftirilmi\u015ftir[&#8230;]<\/p>\n","protected":false},"author":1,"featured_media":791,"comment_status":"closed","ping_status":"closed","sticky":false,"template":"","format":"standard","meta":{"footnotes":""},"categories":[16,17],"tags":[],"class_list":["post-60","post","type-post","status-publish","format-standard","has-post-thumbnail","hentry","category-blog","category-food"],"_links":{"self":[{"href":"http:\/\/www.yym.org.tr\/index.php?rest_route=\/wp\/v2\/posts\/60","targetHints":{"allow":["GET"]}}],"collection":[{"href":"http:\/\/www.yym.org.tr\/index.php?rest_route=\/wp\/v2\/posts"}],"about":[{"href":"http:\/\/www.yym.org.tr\/index.php?rest_route=\/wp\/v2\/types\/post"}],"author":[{"embeddable":true,"href":"http:\/\/www.yym.org.tr\/index.php?rest_route=\/wp\/v2\/users\/1"}],"replies":[{"embeddable":true,"href":"http:\/\/www.yym.org.tr\/index.php?rest_route=%2Fwp%2Fv2%2Fcomments&post=60"}],"version-history":[{"count":6,"href":"http:\/\/www.yym.org.tr\/index.php?rest_route=\/wp\/v2\/posts\/60\/revisions"}],"predecessor-version":[{"id":797,"href":"http:\/\/www.yym.org.tr\/index.php?rest_route=\/wp\/v2\/posts\/60\/revisions\/797"}],"wp:featuredmedia":[{"embeddable":true,"href":"http:\/\/www.yym.org.tr\/index.php?rest_route=\/wp\/v2\/media\/791"}],"wp:attachment":[{"href":"http:\/\/www.yym.org.tr\/index.php?rest_route=%2Fwp%2Fv2%2Fmedia&parent=60"}],"wp:term":[{"taxonomy":"category","embeddable":true,"href":"http:\/\/www.yym.org.tr\/index.php?rest_route=%2Fwp%2Fv2%2Fcategories&post=60"},{"taxonomy":"post_tag","embeddable":true,"href":"http:\/\/www.yym.org.tr\/index.php?rest_route=%2Fwp%2Fv2%2Ftags&post=60"}],"curies":[{"name":"wp","href":"https:\/\/api.w.org\/{rel}","templated":true}]}}